{"id":166370,"date":"2026-09-01T13:50:36","date_gmt":"2026-09-01T17:50:36","guid":{"rendered":"https:\/\/blogue.tremblant.ca\/?p=166370"},"modified":"2026-09-01T16:20:15","modified_gmt":"2026-09-01T20:20:15","slug":"expansion-versant-soleil-sommet-timber","status":"publish","type":"post","link":"https:\/\/blogue.tremblant.ca\/fr\/expansion-versant-soleil-sommet-timber\/","title":{"rendered":"Tremblant franchit un nouveau sommet avec un projet majeur d&rsquo;expansion"},"content":{"rendered":"<p class=\"blurb\">S&rsquo;appuyant sur sa vision \u00e0 long terme, Tremblant franchit une nouvelle \u00e9tape de son d\u00e9veloppement gr\u00e2ce \u00e0 des investissements majeurs qui \u00e9l\u00e8veront l&rsquo;exp\u00e9rience en montagne pour les g\u00e9n\u00e9rations \u00e0 venir. L&rsquo;am\u00e9nagement du sommet Timber pr\u00e9voit un tout nouveau secteur skiable proposant huit pistes et une nouvelle remont\u00e9e m\u00e9canique \u00e0 grande vitesse d\u00e8s la saison 2027\/28, ainsi qu&rsquo;une nouvelle aire d&rsquo;apprentissage au Versant Soleil d\u00e8s la saison 2026\/27.<\/p>\n<div data-fullscreen=\"disabled\" data-mode=\"lightbox\" data-oembed=\"1\" data-provider=\"youtube\" id=\"arve-youtube-b9-vmbzla0u\" class=\"arve arve-hover-effect-darken\">\n<div class=\"arve-inner\">\n<div style=\"aspect-ratio:840\/473\" class=\"arve-embed arve-embed--has-aspect-ratio\">\n<div class=\"arve-ar\" style=\"padding-top:56.309524%\"><\/div>\n<p>\t\t\t<img decoding=\"async\" alt=\"Tremblant franchit un nouveau sommet\" class=\"arve-thumbnail\" height=\"360\" loading=\"lazy\" sizes=\"auto\" src=\"https:\/\/i.ytimg.com\/vi\/B9-VMBzlA0U\/hqdefault.jpg\" srcset=\"https:\/\/i.ytimg.com\/vi_webp\/B9-VMBzlA0U\/hqdefault.webp 480w, https:\/\/i.ytimg.com\/vi_webp\/B9-VMBzlA0U\/sddefault.webp 640w, https:\/\/i.ytimg.com\/vi_webp\/B9-VMBzlA0U\/maxresdefault.webp 1280w\" width=\"480\"><br \/>\n\t\t\t<button aria-haspopup=\"dialog\" aria-label=\"Play video: Tremblant franchit un nouveau sommet\" class=\"arve-play-btn arve-play-btn--circle\" data-attr=\"{&quot;credentialless&quot;:true,&quot;referrerpolicy&quot;:&quot;strict-origin-when-cross-origin&quot;,&quot;sandbox&quot;:&quot;allow-scripts allow-same-origin allow-presentation allow-popups allow-popups-to-escape-sandbox&quot;,&quot;allow&quot;:&quot;accelerometer \\u0027none\\u0027;autoplay;bluetooth \\u0027none\\u0027;browsing-topics \\u0027none\\u0027;camera \\u0027none\\u0027;clipboard-read \\u0027none\\u0027;clipboard-write;display-capture \\u0027none\\u0027;encrypted-media \\u0027none\\u0027;gamepad \\u0027none\\u0027;geolocation \\u0027none\\u0027;gyroscope \\u0027none\\u0027;hid \\u0027none\\u0027;identity-credentials-get \\u0027none\\u0027;idle-detection \\u0027none\\u0027;keyboard-map \\u0027none\\u0027;local-fonts;magnetometer \\u0027none\\u0027;microphone \\u0027none\\u0027;midi \\u0027none\\u0027;otp-credentials \\u0027none\\u0027;payment \\u0027none\\u0027;picture-in-picture;publickey-credentials-create \\u0027none\\u0027;publickey-credentials-get \\u0027none\\u0027;screen-wake-lock \\u0027none\\u0027;serial \\u0027none\\u0027;summarizer \\u0027none\\u0027;sync-xhr;usb \\u0027none\\u0027;web-share;window-management \\u0027none\\u0027;xr-spatial-tracking \\u0027none\\u0027;&quot;,&quot;class&quot;:&quot; fitvidsignore&quot;,&quot;data-arve&quot;:&quot;arve-youtube-b9-vmbzla0u&quot;,&quot;data-src-no-ap&quot;:&quot;https:\\\/\\\/www.youtube-nocookie.com\\\/embed\\\/B9-VMBzlA0U?feature=oembed\\u0026width=840\\u0026height=1000\\u0026discover=1\\u0026iv_load_policy=3\\u0026modestbranding=1\\u0026rel=0\\u0026autohide=1\\u0026playsinline=1\\u0026autoplay=0\\u0026enablejsapi=1&quot;,&quot;frameborder&quot;:&quot;0&quot;,&quot;height&quot;:0,&quot;width&quot;:0,&quot;title&quot;:&quot;Tremblant franchit un nouveau sommet&quot;,&quot;name&quot;:&quot;&quot;,&quot;loading&quot;:&quot;eager&quot;,&quot;allowfullscreen&quot;:&quot;&quot;,&quot;scrolling&quot;:&quot;no&quot;,&quot;data-lenis-prevent&quot;:&quot;&quot;}\" data-height=\"661.07380952381\" data-iframe=\"https:\/\/www.youtube-nocookie.com\/embed\/B9-VMBzlA0U?feature=oembed&amp;width=840&amp;height=1000&amp;discover=1&amp;iv_load_policy=3&amp;modestbranding=1&amp;rel=0&amp;autohide=1&amp;playsinline=1&amp;autoplay=1&amp;enablejsapi=1\" data-target=\"#arve-youtube-b9-vmbzla0u\" data-thumb=\"https:\/\/i.ytimg.com\/vi\/B9-VMBzlA0U\/hqdefault.jpg\" data-width=\"1174\" href=\"https:\/\/www.youtube.com\/watch?v=B9-VMBzlA0U\" role=\"button\" type=\"button\"><svg class=\"arve-play-svg arve-play-svg--circle\" focusable=\"false\" aria-hidden=\"true\" width=\"75\" viewBox=\"0 0 50 50\"xmlns=\"http:\/\/www.w3.org\/2000\/svg\"><circle fill=\"black\" fill-opacity=\"0.4\" cx=\"25\" cy=\"25\" r=\"25\"><\/circle><path fill=\"white\" fill-opacity=\"0.8\" fill-rule=\"evenodd\" d=\"M 25, 25m -21, 0a 21,21 0 1,0 42,0a 21,21 0 1,0 -42,0M18.5 14 v22 l17 -11z\"><\/path><\/svg><\/button>\n\t\t\t\t\t\t\t\t<\/div><\/div>\n<p>\t\t\t\t\t\t\t\t\t\t\t\t<script type=\"application\/ld+json\">{\"@context\":\"http:\\\/\\\/schema.org\\\/\",\"@id\":\"https:\\\/\\\/blogue.tremblant.ca\\\/fr\\\/expansion-versant-soleil-sommet-timber\\\/#arve-youtube-b9-vmbzla0u\",\"@type\":\"VideoObject\",\"author\":{\"@type\":\"Organization\",\"name\":\"Tremblant\"},\"embedURL\":\"https:\\\/\\\/www.youtube-nocookie.com\\\/embed\\\/B9-VMBzlA0U?feature=oembed&width=840&height=1000&discover=1&iv_load_policy=3&modestbranding=1&rel=0&autohide=1&playsinline=1&autoplay=1&enablejsapi=1\",\"name\":\"Tremblant franchit un nouveau sommet\",\"thumbnailUrl\":\"https:\\\/\\\/i.ytimg.com\\\/vi\\\/B9-VMBzlA0U\\\/hqdefault.jpg\",\"uploadDate\":\"2026-08-28T17:35:19Z\",\"description\":\"L\\u2019avenir du ski \\u00e0 Tremblant prend forme avec le Sommet Timber, un tout nouveau secteur qui viendra bonifier l\\u2019exp\\u00e9rience en montagne \\u00e0 compter de l\\u2019hiver 2027\\\/28. Ce projet d\\u2019envergure de 42,5 M$ ajoutera 62 acres de terrain skiable, huit nouvelles pistes et un t\\u00e9l\\u00e9si\\u00e8ge haute vitesse, cr\\u00e9ant encore plus de possibilit\\u00e9s pour d\\u00e9couvrir la montagne.\\n\\nCette vision prendra vie d\\u00e8s l'hiver 2026\\\/27 avec l\\u2019ouverture d\\u2019un nouvel espace d\\u2019apprentissage au pied du Versant Soleil, con\\u00e7u sp\\u00e9cialement pour accueillir et accompagner la prochaine g\\u00e9n\\u00e9ration de skieurs.\\n\\nTous les d\\u00e9tails sur\"}<\/script>\t\t\t\t\t\t\t<\/div>\n<h2>De nouvelles occasions pour d\u00e9couvrir, progresser et profiter pleinement de la montagne<\/h2>\n<p>Repr\u00e9sentant un investissement de 42,5 millions de dollars, ce projet t\u00e9moigne de l\u2019engagement \u00e0 long terme de Tremblant \u00e0 bonifier l\u2019exp\u00e9rience en montagne gr\u00e2ce \u00e0 une augmentation de 10 % de sa capacit\u00e9 de remont\u00e9e horaire. Il soutient \u00e9galement la croissance du Versant Soleil, port\u00e9e notamment par la pr\u00e9sence confirm\u00e9e du Club Med Tremblant.<\/p>\n<blockquote><p>\u00ab Le projet Timber repr\u00e9sente bien plus qu&rsquo;un agrandissement du domaine skiable. Il t\u00e9moigne de notre engagement \u00e0 toujours aller plus loin pour offrir une exp\u00e9rience de montagne exceptionnelle et \u00e0 cr\u00e9er de nouvelles fa\u00e7ons pour nos visiteurs de vivre le meilleur de Tremblant \u00bb, a d\u00e9clar\u00e9 Patrice Malo, pr\u00e9sident et chef de l\u2019exploitation de Station Mont Tremblant.<\/p><\/blockquote>\n<p><img decoding=\"async\" class=\"aligncenter size-full wp-image-166403\" src=\"https:\/\/blogue.tremblant.ca\/wp-content\/uploads\/2026\/09\/sommet-timber.jpg\" alt=\"Sommet Timber\" width=\"1920\" height=\"842\" srcset=\"https:\/\/blogue.tremblant.ca\/wp-content\/uploads\/2026\/09\/sommet-timber.jpg 1920w, https:\/\/blogue.tremblant.ca\/wp-content\/uploads\/2026\/09\/sommet-timber-840x368.jpg 840w, https:\/\/blogue.tremblant.ca\/wp-content\/uploads\/2026\/09\/sommet-timber-1440x632.jpg 1440w, https:\/\/blogue.tremblant.ca\/wp-content\/uploads\/2026\/09\/sommet-timber-768x337.jpg 768w, https:\/\/blogue.tremblant.ca\/wp-content\/uploads\/2026\/09\/sommet-timber-1536x674.jpg 1536w, https:\/\/blogue.tremblant.ca\/wp-content\/uploads\/2026\/09\/sommet-timber-350x153.jpg 350w\" sizes=\"(max-width: 1920px) 100vw, 1920px\" \/><\/p>\n<h2>Nouvelle aire d\u2019apprentissage pour les d\u00e9butants<\/h2>\n<h3>\u00c0 venir pour la saison d\u2019hiver 2026\/27<\/h3>\n<p>En amont de l\u2019ouverture du sommet Timber, Tremblant inaugurera, pour la saison d\u2019hiver \u00e0 venir, une nouvelle zone d\u2019apprentissage d\u00e9di\u00e9e au pied du Versant Soleil. Con\u00e7u sp\u00e9cialement pour les skieurs et planchistes d\u00e9butants, cet espace offrira un cadre accueillant et sp\u00e9cialement am\u00e9nag\u00e9 o\u00f9 les visiteurs pourront prendre confiance en eux, d\u00e9velopper leurs comp\u00e9tences et d\u00e9couvrir les joies de la glisse.<\/p>\n<p>Situ\u00e9e \u00e0 proximit\u00e9 de la T\u00e9l\u00e9cabine Casino Express, la nouvelle zone d\u2019apprentissage ouvrira d\u00e8s la saison 2026\/27 et sera accessible les fins de semaine ainsi que durant les p\u00e9riodes de fort achalandage. Elle offrira un environnement id\u00e9al pour les skieurs d\u00e9butants et les programmes de l\u2019\u00c9cole sur Neige. Le terrain en pente douce et les infrastructures seront con\u00e7us pour accompagner la progression des visiteurs, depuis leurs tout premiers virages jusqu\u2019aux premi\u00e8res \u00e9tapes de leur parcours de skieur.<\/p>\n<p><strong>Parmi les principales caract\u00e9ristiques, on trouvera:<\/strong><\/p>\n<ul>\n<li>Une remont\u00e9e de surface couverte (tapis magique couvert), permettant un acc\u00e8s facile et confortable \u00e0 l\u2019aire d\u2019apprentissage<\/li>\n<li>Un espace de 1,1 acre d\u00e9di\u00e9 aux d\u00e9butants, offrant suffisamment d\u2019espace pour l\u2019apprentissage et le perfectionnement des comp\u00e9tences<\/li>\n<li>Un terrain en pente douce, avec une inclinaison moyenne d\u2019environ 13 degr\u00e9s, id\u00e9al pour prendre confiance et ma\u00eetriser les techniques de base<\/li>\n<li>Un syst\u00e8me d\u2019enneigement m\u00e9canique pour couvrir ce nouveau secteur<\/li>\n<\/ul>\n<div id='gallery-1' class='gallery galleryid-166370 gallery-columns-2 gallery-size-large'><figure class='gallery-item'>\n\t\t\t<div class='gallery-icon landscape'>\n\t\t\t\t<a href='https:\/\/blogue.tremblant.ca\/fr\/expansion-versant-soleil-sommet-timber\/photo-aerienne_arial_versant-soleil_credittremblant-2\/'><img decoding=\"async\" width=\"840\" height=\"560\" src=\"https:\/\/blogue.tremblant.ca\/wp-content\/uploads\/2026\/08\/Photo-aerienne_arial_Versant-Soleil_credit@Tremblant-1440x960.jpg\" class=\"attachment-large size-large\" alt=\"\" srcset=\"https:\/\/blogue.tremblant.ca\/wp-content\/uploads\/2026\/08\/Photo-aerienne_arial_Versant-Soleil_credit@Tremblant-1440x960.jpg 1440w, https:\/\/blogue.tremblant.ca\/wp-content\/uploads\/2026\/08\/Photo-aerienne_arial_Versant-Soleil_credit@Tremblant-840x560.jpg 840w, https:\/\/blogue.tremblant.ca\/wp-content\/uploads\/2026\/08\/Photo-aerienne_arial_Versant-Soleil_credit@Tremblant-768x512.jpg 768w, https:\/\/blogue.tremblant.ca\/wp-content\/uploads\/2026\/08\/Photo-aerienne_arial_Versant-Soleil_credit@Tremblant-1536x1024.jpg 1536w, https:\/\/blogue.tremblant.ca\/wp-content\/uploads\/2026\/08\/Photo-aerienne_arial_Versant-Soleil_credit@Tremblant-350x233.jpg 350w, https:\/\/blogue.tremblant.ca\/wp-content\/uploads\/2026\/08\/Photo-aerienne_arial_Versant-Soleil_credit@Tremblant.jpg 1620w\" sizes=\"(max-width: 840px) 100vw, 840px\" \/><\/a>\n\t\t\t<\/div><\/figure><figure class='gallery-item'>\n\t\t\t<div class='gallery-icon landscape'>\n\t\t\t\t<a href='https:\/\/blogue.tremblant.ca\/fr\/expansion-versant-soleil-sommet-timber\/photo_remontee_lift_credittremblant-2\/'><img decoding=\"async\" width=\"840\" height=\"560\" src=\"https:\/\/blogue.tremblant.ca\/wp-content\/uploads\/2026\/08\/Photo_remontee_lift_credit@Tremblant-1440x960.jpg\" class=\"attachment-large size-large\" alt=\"\" srcset=\"https:\/\/blogue.tremblant.ca\/wp-content\/uploads\/2026\/08\/Photo_remontee_lift_credit@Tremblant-1440x960.jpg 1440w, https:\/\/blogue.tremblant.ca\/wp-content\/uploads\/2026\/08\/Photo_remontee_lift_credit@Tremblant-840x560.jpg 840w, https:\/\/blogue.tremblant.ca\/wp-content\/uploads\/2026\/08\/Photo_remontee_lift_credit@Tremblant-768x512.jpg 768w, https:\/\/blogue.tremblant.ca\/wp-content\/uploads\/2026\/08\/Photo_remontee_lift_credit@Tremblant-1536x1024.jpg 1536w, https:\/\/blogue.tremblant.ca\/wp-content\/uploads\/2026\/08\/Photo_remontee_lift_credit@Tremblant-2048x1365.jpg 2048w, https:\/\/blogue.tremblant.ca\/wp-content\/uploads\/2026\/08\/Photo_remontee_lift_credit@Tremblant-350x233.jpg 350w, https:\/\/blogue.tremblant.ca\/wp-content\/uploads\/2026\/08\/Photo_remontee_lift_credit@Tremblant-scaled.jpg 2560w\" sizes=\"(max-width: 840px) 100vw, 840px\" \/><\/a>\n\t\t\t<\/div><\/figure>\n\t\t<\/div>\n\n<h2>Sommet Timber: une nouvelle dimension de l&rsquo;exp\u00e9rience Tremblant<\/h2>\n<h3>\u00c0 venir pour la saison d\u2019hiver 2027\/28<\/h3>\n<p>Le c\u0153ur du projet r\u00e9side dans l\u2019am\u00e9nagement du sommet Timber, o\u00f9 s\u2019ajouteront 62 acres au domaine skiable, desservis par une nouvelle remont\u00e9e m\u00e9canique quadruple \u00e0 grande vitesse.<\/p>\n<p><strong>Ce nouveau domaine comprendra:<\/strong><\/p>\n<ul>\n<li>8 nouvelles pistes\n<ul>\n<li>7 qui m\u00e8nent au Versant Soleil<\/li>\n<li>1 qui m\u00e8ne au Versant Nord<\/li>\n<\/ul>\n<\/li>\n<li>Un d\u00e9nivel\u00e9 de 428 m\u00e8tres vers le Versant Soleil<\/li>\n<li>Une vari\u00e9t\u00e9 de pistes pour tous les types de skieurs:\n<ul>\n<li>35 % de pistes d\u00e9butantes (vertes)<\/li>\n<li>60 % de pistes interm\u00e9diaires (bleues)<\/li>\n<li>5 % de pistes expertes (noires)<\/li>\n<\/ul>\n<\/li>\n<li>De l\u2019enneigement sur l\u2019ensemble du nouveau domaine skiable<\/li>\n<\/ul>\n<p>Les skieurs acc\u00e9deront au nouveau domaine via le <strong>Timber Express<\/strong>, un t\u00e9l\u00e9si\u00e8ge quadruple d\u00e9brayable \u00e0 grande vitesse pr\u00e9sentant les caract\u00e9ristiques suivantes :<\/p>\n<ul>\n<li>Une capacit\u00e9 de 2 400 skieurs \u00e0 l\u2019heure<\/li>\n<li>Une longueur de 1 800 m\u00e8tres<\/li>\n<li>Un d\u00e9nivel\u00e9 de 423 m\u00e8tres<\/li>\n<li>125 si\u00e8ges<\/li>\n<li>Une technologie comparable \u00e0 celle de la remont\u00e9e Lowell Thomas Express<\/li>\n<\/ul>\n<div id='gallery-2' class='gallery galleryid-166370 gallery-columns-2 gallery-size-large'><figure class='gallery-item'>\n\t\t\t<div class='gallery-icon landscape'>\n\t\t\t\t<a href='https:\/\/blogue.tremblant.ca\/fr\/expansion-versant-soleil-sommet-timber\/photo_remontee-quadruple_quad-lift-credittremblant-2\/'><img decoding=\"async\" width=\"840\" height=\"560\" src=\"https:\/\/blogue.tremblant.ca\/wp-content\/uploads\/2026\/08\/Photo_Remontee-quadruple_quad-lift-credit@Tremblant-1440x960.jpg\" class=\"attachment-large size-large\" alt=\"\" srcset=\"https:\/\/blogue.tremblant.ca\/wp-content\/uploads\/2026\/08\/Photo_Remontee-quadruple_quad-lift-credit@Tremblant-1440x960.jpg 1440w, https:\/\/blogue.tremblant.ca\/wp-content\/uploads\/2026\/08\/Photo_Remontee-quadruple_quad-lift-credit@Tremblant-840x560.jpg 840w, https:\/\/blogue.tremblant.ca\/wp-content\/uploads\/2026\/08\/Photo_Remontee-quadruple_quad-lift-credit@Tremblant-768x512.jpg 768w, https:\/\/blogue.tremblant.ca\/wp-content\/uploads\/2026\/08\/Photo_Remontee-quadruple_quad-lift-credit@Tremblant-1536x1024.jpg 1536w, https:\/\/blogue.tremblant.ca\/wp-content\/uploads\/2026\/08\/Photo_Remontee-quadruple_quad-lift-credit@Tremblant-2048x1365.jpg 2048w, https:\/\/blogue.tremblant.ca\/wp-content\/uploads\/2026\/08\/Photo_Remontee-quadruple_quad-lift-credit@Tremblant-350x233.jpg 350w, https:\/\/blogue.tremblant.ca\/wp-content\/uploads\/2026\/08\/Photo_Remontee-quadruple_quad-lift-credit@Tremblant-scaled.jpg 2560w\" sizes=\"(max-width: 840px) 100vw, 840px\" \/><\/a>\n\t\t\t<\/div><\/figure><figure class='gallery-item'>\n\t\t\t<div class='gallery-icon landscape'>\n\t\t\t\t<a href='https:\/\/blogue.tremblant.ca\/fr\/expansion-versant-soleil-sommet-timber\/photo_ski_credittremblant-2\/'><img decoding=\"async\" width=\"840\" height=\"559\" src=\"https:\/\/blogue.tremblant.ca\/wp-content\/uploads\/2026\/08\/Photo_ski_credit@Tremblant-1440x958.jpg\" class=\"attachment-large size-large\" alt=\"\" srcset=\"https:\/\/blogue.tremblant.ca\/wp-content\/uploads\/2026\/08\/Photo_ski_credit@Tremblant-1440x958.jpg 1440w, https:\/\/blogue.tremblant.ca\/wp-content\/uploads\/2026\/08\/Photo_ski_credit@Tremblant-840x559.jpg 840w, https:\/\/blogue.tremblant.ca\/wp-content\/uploads\/2026\/08\/Photo_ski_credit@Tremblant-768x511.jpg 768w, https:\/\/blogue.tremblant.ca\/wp-content\/uploads\/2026\/08\/Photo_ski_credit@Tremblant-1536x1022.jpg 1536w, https:\/\/blogue.tremblant.ca\/wp-content\/uploads\/2026\/08\/Photo_ski_credit@Tremblant-2048x1363.jpg 2048w, https:\/\/blogue.tremblant.ca\/wp-content\/uploads\/2026\/08\/Photo_ski_credit@Tremblant-350x233.jpg 350w, https:\/\/blogue.tremblant.ca\/wp-content\/uploads\/2026\/08\/Photo_ski_credit@Tremblant-scaled.jpg 2560w\" sizes=\"(max-width: 840px) 100vw, 840px\" \/><\/a>\n\t\t\t<\/div><\/figure>\n\t\t<\/div>\n\n<h2>Le nouveau sommet Timber accueillera les skieurs d\u00e8s la saison d\u2019hiver 2027\/28<\/h2>\n<p>Cette nouvelle annonce \u00e9largit consid\u00e9rablement la vision de d\u00e9veloppement de Tremblant d\u00e9voil\u00e9e en 2020. Depuis la pr\u00e9sentation du concept initial, le projet a \u00e9volu\u00e9 et s&rsquo;est enrichi afin de mieux r\u00e9pondre aux ambitions \u00e0 long terme de la destination. L&rsquo;investissement total a ainsi \u00e9t\u00e9 bonifi\u00e9, t\u00e9moignant de l&rsquo;engagement soutenu de Tremblant \u00e0 faire \u00e9voluer continuellement son exp\u00e9rience de ski de classe mondiale et \u00e0 cr\u00e9er de nouvelles occasions pour ses visiteurs, les familles ainsi que les prochaines g\u00e9n\u00e9rations de skieurs et de planchistes. Avec le sommet Timber, les visiteurs auront plus de raisons que jamais de revenir au sommet.<\/p>\n","protected":false},"excerpt":{"rendered":"<p>S&rsquo;appuyant sur sa vision \u00e0 long terme, Tremblant franchit une nouvelle \u00e9tape de son d\u00e9veloppement gr\u00e2ce \u00e0 des investissements majeurs [&hellip;]<\/p>\n","protected":false},"author":8,"featured_media":166365,"comment_status":"closed","ping_status":"open","sticky":false,"template":"","format":"standard","meta":{"footnotes":""},"categories":[813,474],"tags":[796],"class_list":["post-166370","post","type-post","status-publish","format-standard","has-post-thumbnail","hentry","category-saison-de-ski","category-nouvelles","tag-hiver"],"yoast_head":"<!-- This site is optimized with the Yoast SEO Premium plugin v28.4 (Yoast SEO v28.4) - https:\/\/yoast.com\/product\/yoast-seo-premium-wordpress\/ -->\n<title>Tremblant franchit un nouveau sommet avec un projet majeur d&#039;expansion | Tremblant<\/title>\n<meta name=\"robots\" content=\"index, follow, max-snippet:-1, max-image-preview:large, max-video-preview:-1\" \/>\n<link rel=\"canonical\" href=\"https:\/\/blogue.tremblant.ca\/fr\/expansion-versant-soleil-sommet-timber\/\" \/>\n<meta property=\"og:locale\" content=\"fr_CA\" \/>\n<meta property=\"og:type\" content=\"article\" \/>\n<meta property=\"og:title\" content=\"Tremblant franchit un nouveau sommet avec un projet majeur d&#039;expansion\" \/>\n<meta property=\"og:description\" content=\"S&rsquo;appuyant sur sa vision \u00e0 long terme, Tremblant franchit une nouvelle \u00e9tape de son d\u00e9veloppement gr\u00e2ce \u00e0 des investissements majeurs [&hellip;]\" \/>\n<meta property=\"og:url\" content=\"https:\/\/blogue.tremblant.ca\/fr\/expansion-versant-soleil-sommet-timber\/\" \/>\n<meta property=\"og:site_name\" content=\"Tremblant\" \/>\n<meta property=\"article:publisher\" content=\"https:\/\/www.facebook.com\/tremblant\" \/>\n<meta property=\"article:published_time\" content=\"2026-09-01T17:50:36+00:00\" \/>\n<meta property=\"article:modified_time\" content=\"2026-09-01T20:20:15+00:00\" \/>\n<meta property=\"og:image\" content=\"https:\/\/blogue.tremblant.ca\/wp-content\/uploads\/2026\/08\/Photo-aerienne_arial_2_Versant-Soleil_credit@Tremblant.jpg\" \/>\n\t<meta property=\"og:image:width\" content=\"1620\" \/>\n\t<meta property=\"og:image:height\" content=\"1080\" \/>\n\t<meta property=\"og:image:type\" content=\"image\/jpeg\" \/>\n<meta name=\"author\" content=\"Michelle\" \/>\n<meta name=\"twitter:card\" content=\"summary_large_image\" \/>\n<meta name=\"twitter:creator\" content=\"@MontTremblant\" \/>\n<meta name=\"twitter:site\" content=\"@MontTremblant\" \/>\n<meta name=\"twitter:label1\" content=\"\u00c9crit par\" \/>\n\t<meta name=\"twitter:data1\" content=\"Michelle\" \/>\n\t<meta name=\"twitter:label2\" content=\"Estimation du temps de lecture\" \/>\n\t<meta name=\"twitter:data2\" content=\"4 minutes\" \/>\n<!-- \/ Yoast SEO Premium plugin. -->","yoast_head_json":{"title":"Tremblant franchit un nouveau sommet avec un projet majeur d'expansion | Tremblant","robots":{"index":"index","follow":"follow","max-snippet":"max-snippet:-1","max-image-preview":"max-image-preview:large","max-video-preview":"max-video-preview:-1"},"canonical":"https:\/\/blogue.tremblant.ca\/fr\/expansion-versant-soleil-sommet-timber\/","og_locale":"fr_CA","og_type":"article","og_title":"Tremblant franchit un nouveau sommet avec un projet majeur d'expansion","og_description":"S&rsquo;appuyant sur sa vision \u00e0 long terme, Tremblant franchit une nouvelle \u00e9tape de son d\u00e9veloppement gr\u00e2ce \u00e0 des investissements majeurs [&hellip;]","og_url":"https:\/\/blogue.tremblant.ca\/fr\/expansion-versant-soleil-sommet-timber\/","og_site_name":"Tremblant","article_publisher":"https:\/\/www.facebook.com\/tremblant","article_published_time":"2026-09-01T17:50:36+00:00","article_modified_time":"2026-09-01T20:20:15+00:00","og_image":[{"width":1620,"height":1080,"url":"https:\/\/blogue.tremblant.ca\/wp-content\/uploads\/2026\/08\/Photo-aerienne_arial_2_Versant-Soleil_credit@Tremblant.jpg","type":"image\/jpeg"}],"author":"Michelle","twitter_card":"summary_large_image","twitter_creator":"@MontTremblant","twitter_site":"@MontTremblant","twitter_misc":{"\u00c9crit par":"Michelle","Estimation du temps de lecture":"4 minutes"},"schema":{"@context":"https:\/\/schema.org","@graph":[{"@type":["Article","BlogPosting"],"@id":"https:\/\/blogue.tremblant.ca\/fr\/expansion-versant-soleil-sommet-timber\/#article","isPartOf":{"@id":"https:\/\/blogue.tremblant.ca\/fr\/expansion-versant-soleil-sommet-timber\/"},"author":{"name":"Michelle","@id":"https:\/\/blogue.tremblant.ca\/fr\/#\/schema\/person\/479b47cbb6ec50b0b8c2012763e8f6d2"},"headline":"Tremblant franchit un nouveau sommet avec un projet majeur d&rsquo;expansion","datePublished":"2026-09-01T17:50:36+00:00","dateModified":"2026-09-01T20:20:15+00:00","mainEntityOfPage":{"@id":"https:\/\/blogue.tremblant.ca\/fr\/expansion-versant-soleil-sommet-timber\/"},"wordCount":791,"publisher":{"@id":"https:\/\/blogue.tremblant.ca\/fr\/#organization"},"image":{"@id":"https:\/\/blogue.tremblant.ca\/fr\/expansion-versant-soleil-sommet-timber\/#primaryimage"},"thumbnailUrl":"https:\/\/blogue.tremblant.ca\/wp-content\/uploads\/2026\/08\/Photo-aerienne_arial_2_Versant-Soleil_credit@Tremblant.jpg","keywords":["Hiver"],"articleSection":["Saison de ski","Nouvelles"],"inLanguage":"fr-CA"},{"@type":"WebPage","@id":"https:\/\/blogue.tremblant.ca\/fr\/expansion-versant-soleil-sommet-timber\/","url":"https:\/\/blogue.tremblant.ca\/fr\/expansion-versant-soleil-sommet-timber\/","name":"Tremblant franchit un nouveau sommet avec un projet majeur d'expansion | Tremblant","isPartOf":{"@id":"https:\/\/blogue.tremblant.ca\/fr\/#website"},"primaryImageOfPage":{"@id":"https:\/\/blogue.tremblant.ca\/fr\/expansion-versant-soleil-sommet-timber\/#primaryimage"},"image":{"@id":"https:\/\/blogue.tremblant.ca\/fr\/expansion-versant-soleil-sommet-timber\/#primaryimage"},"thumbnailUrl":"https:\/\/blogue.tremblant.ca\/wp-content\/uploads\/2026\/08\/Photo-aerienne_arial_2_Versant-Soleil_credit@Tremblant.jpg","datePublished":"2026-09-01T17:50:36+00:00","dateModified":"2026-09-01T20:20:15+00:00","breadcrumb":{"@id":"https:\/\/blogue.tremblant.ca\/fr\/expansion-versant-soleil-sommet-timber\/#breadcrumb"},"inLanguage":"fr-CA","potentialAction":[{"@type":"ReadAction","target":["https:\/\/blogue.tremblant.ca\/fr\/expansion-versant-soleil-sommet-timber\/"]}]},{"@type":"ImageObject","inLanguage":"fr-CA","@id":"https:\/\/blogue.tremblant.ca\/fr\/expansion-versant-soleil-sommet-timber\/#primaryimage","url":"https:\/\/blogue.tremblant.ca\/wp-content\/uploads\/2026\/08\/Photo-aerienne_arial_2_Versant-Soleil_credit@Tremblant.jpg","contentUrl":"https:\/\/blogue.tremblant.ca\/wp-content\/uploads\/2026\/08\/Photo-aerienne_arial_2_Versant-Soleil_credit@Tremblant.jpg","width":1620,"height":1080},{"@type":"BreadcrumbList","@id":"https:\/\/blogue.tremblant.ca\/fr\/expansion-versant-soleil-sommet-timber\/#breadcrumb","itemListElement":[{"@type":"ListItem","position":1,"name":"Home","item":"https:\/\/blogue.tremblant.ca\/fr\/"},{"@type":"ListItem","position":2,"name":"Tremblant franchit un nouveau sommet avec un projet majeur d&#8217;expansion"}]},{"@type":"WebSite","@id":"https:\/\/blogue.tremblant.ca\/fr\/#website","url":"https:\/\/blogue.tremblant.ca\/fr\/","name":"Blogue Tremblant","description":"","publisher":{"@id":"https:\/\/blogue.tremblant.ca\/fr\/#organization"},"potentialAction":[{"@type":"SearchAction","target":{"@type":"EntryPoint","urlTemplate":"https:\/\/blogue.tremblant.ca\/fr\/?s={search_term_string}"},"query-input":{"@type":"PropertyValueSpecification","valueRequired":true,"valueName":"search_term_string"}}],"inLanguage":"fr-CA"},{"@type":"Organization","@id":"https:\/\/blogue.tremblant.ca\/fr\/#organization","name":"Tremblant","url":"https:\/\/blogue.tremblant.ca\/fr\/","logo":{"@type":"ImageObject","inLanguage":"fr-CA","@id":"https:\/\/blogue.tremblant.ca\/fr\/#\/schema\/logo\/image\/","url":"https:\/\/blogue.tremblant.ca\/wp-content\/uploads\/2025\/05\/logo-tremblant.svg","contentUrl":"https:\/\/blogue.tremblant.ca\/wp-content\/uploads\/2025\/05\/logo-tremblant.svg","width":1,"height":1,"caption":"Tremblant"},"image":{"@id":"https:\/\/blogue.tremblant.ca\/fr\/#\/schema\/logo\/image\/"},"sameAs":["https:\/\/www.facebook.com\/tremblant","https:\/\/x.com\/MontTremblant","https:\/\/instagram.com\/monttremblant\/","https:\/\/www.pinterest.com\/tremblant\/","https:\/\/www.youtube.com\/user\/MontTremblantResort","https:\/\/www.linkedin.com\/company\/station-mont-tremblant\/","https:\/\/www.tiktok.com\/@monttremblant"]},{"@type":"Person","@id":"https:\/\/blogue.tremblant.ca\/fr\/#\/schema\/person\/479b47cbb6ec50b0b8c2012763e8f6d2","name":"Michelle","image":{"@type":"ImageObject","inLanguage":"fr-CA","@id":"https:\/\/blogue.tremblant.ca\/wp-content\/litespeed\/avatar\/fe193c7b635f6fa184cd86f004b9cdfc.jpg?ver=1788247339","url":"https:\/\/blogue.tremblant.ca\/wp-content\/litespeed\/avatar\/fe193c7b635f6fa184cd86f004b9cdfc.jpg?ver=1788247339","contentUrl":"https:\/\/blogue.tremblant.ca\/wp-content\/litespeed\/avatar\/fe193c7b635f6fa184cd86f004b9cdfc.jpg?ver=1788247339","caption":"Michelle"},"sameAs":["https:\/\/www.tremblant.ca"]}]}},"_links":{"self":[{"href":"https:\/\/blogue.tremblant.ca\/fr\/wp-json\/wp\/v2\/posts\/166370","targetHints":{"allow":["GET"]}}],"collection":[{"href":"https:\/\/blogue.tremblant.ca\/fr\/wp-json\/wp\/v2\/posts"}],"about":[{"href":"https:\/\/blogue.tremblant.ca\/fr\/wp-json\/wp\/v2\/types\/post"}],"author":[{"embeddable":true,"href":"https:\/\/blogue.tremblant.ca\/fr\/wp-json\/wp\/v2\/users\/8"}],"replies":[{"embeddable":true,"href":"https:\/\/blogue.tremblant.ca\/fr\/wp-json\/wp\/v2\/comments?post=166370"}],"version-history":[{"count":12,"href":"https:\/\/blogue.tremblant.ca\/fr\/wp-json\/wp\/v2\/posts\/166370\/revisions"}],"predecessor-version":[{"id":166416,"href":"https:\/\/blogue.tremblant.ca\/fr\/wp-json\/wp\/v2\/posts\/166370\/revisions\/166416"}],"wp:featuredmedia":[{"embeddable":true,"href":"https:\/\/blogue.tremblant.ca\/fr\/wp-json\/wp\/v2\/media\/166365"}],"wp:attachment":[{"href":"https:\/\/blogue.tremblant.ca\/fr\/wp-json\/wp\/v2\/media?parent=166370"}],"wp:term":[{"taxonomy":"category","embeddable":true,"href":"https:\/\/blogue.tremblant.ca\/fr\/wp-json\/wp\/v2\/categories?post=166370"},{"taxonomy":"post_tag","embeddable":true,"href":"https:\/\/blogue.tremblant.ca\/fr\/wp-json\/wp\/v2\/tags?post=166370"}],"curies":[{"name":"wp","href":"https:\/\/api.w.org\/{rel}","templated":true}]}}