{"id":159089,"date":"2025-08-26T07:00:50","date_gmt":"2025-08-26T11:00:50","guid":{"rendered":"https:\/\/blogue.tremblant.ca\/?p=159089"},"modified":"2026-03-17T14:47:59","modified_gmt":"2026-03-17T18:47:59","slug":"nouvel-evenement-course-sentier-borealys-mont-tremblant-by-utmb","status":"publish","type":"post","link":"https:\/\/blogue.tremblant.ca\/fr\/nouvel-evenement-course-sentier-borealys-mont-tremblant-by-utmb\/","title":{"rendered":"Un nouvel \u00e9v\u00e9nement de course en sentier pour faire rayonner le Qu\u00e9bec sur la sc\u00e8ne mondiale"},"content":{"rendered":"<h3>Deux pionniers du trail, \u00c9v\u00e9nements Harricana et UTMB World Series, s\u2019allient pour cr\u00e9er Bor\u00e9alys Mont-Tremblant by UTMB<\/h3>\n<p class=\"blurb\">UTMB World Series et \u00c9v\u00e9nements Harricana s&rsquo;allient pour cr\u00e9er Bor\u00e9alys Mont-Tremblant by UTMB, un tout nouvel \u00e9v\u00e9nement qui int\u00e9grera le circuit mondial en 2026. Cette collaboration unit l&rsquo;expertise locale du chef de file canadien de la course en sentier \u00e0 la renomm\u00e9e internationale d&rsquo;UTMB World Series.<\/p>\n<p>Bor\u00e9alys Mont-Tremblant by UTMB pr\u00e9sentera sa premi\u00e8re \u00e9dition du <strong>14 au 16 ao\u00fbt 2026<\/strong> dans le d\u00e9cor grandiose de Mont-Tremblant. Seul rendez-vous du r\u00e9seau UTMB World Series \u00e0 l&rsquo;est des Rocheuses canadiennes, la comp\u00e9tition offrira une exp\u00e9rience immersive alliant d\u00e9passement de soi, culture qu\u00e9b\u00e9coise et engagement communautaire.<\/p>\n<p><img decoding=\"async\" class=\"aligncenter size-full wp-image-159074\" src=\"https:\/\/blogue.tremblant.ca\/wp-content\/uploads\/2025\/08\/borealys-mont-tremblant-by-utmb-flyer-scaled.jpg\" alt=\"Bor\u00e9alys Mont-Tremblant by UTMB\" width=\"2560\" height=\"1707\" srcset=\"https:\/\/blogue.tremblant.ca\/wp-content\/uploads\/2025\/08\/borealys-mont-tremblant-by-utmb-flyer-scaled.jpg 2560w, https:\/\/blogue.tremblant.ca\/wp-content\/uploads\/2025\/08\/borealys-mont-tremblant-by-utmb-flyer-840x560.jpg 840w, https:\/\/blogue.tremblant.ca\/wp-content\/uploads\/2025\/08\/borealys-mont-tremblant-by-utmb-flyer-1440x960.jpg 1440w, https:\/\/blogue.tremblant.ca\/wp-content\/uploads\/2025\/08\/borealys-mont-tremblant-by-utmb-flyer-768x512.jpg 768w, https:\/\/blogue.tremblant.ca\/wp-content\/uploads\/2025\/08\/borealys-mont-tremblant-by-utmb-flyer-1536x1024.jpg 1536w, https:\/\/blogue.tremblant.ca\/wp-content\/uploads\/2025\/08\/borealys-mont-tremblant-by-utmb-flyer-2048x1365.jpg 2048w, https:\/\/blogue.tremblant.ca\/wp-content\/uploads\/2025\/08\/borealys-mont-tremblant-by-utmb-flyer-350x233.jpg 350w\" sizes=\"(max-width: 2560px) 100vw, 2560px\" \/><\/p>\n<h2>Une aventure taill\u00e9e pour les passionn\u00e9s de sentier<\/h2>\n<p>Bor\u00e9alys Mont-Tremblant by UTMB proposera <strong>quatre \u00e9preuves qualificatives pour le HOKA UTMB Mont-Blanc (100K, 50K et 2 courses 20K)<\/strong>, une <strong>course \u00e0 relais sur 80km<\/strong> au profit de deux causes sociales, une \u00e9preuve de <strong>5km<\/strong> et un <strong>trac\u00e9 pour enfants<\/strong>.<br \/>\nLes parcours, exigeants et typiques du massif laurentien, traverseront un territoire technique, escarp\u00e9 et sauvage, marqu\u00e9 par des rochers, racines, forts d\u00e9nivel\u00e9s et une v\u00e9g\u00e9tation bor\u00e9ale dense, le tout dans la chaleur du mois d\u2019ao\u00fbt. Bor\u00e9alys Mont-Tremblant by UTMB promet ainsi une \u00e9preuve physique intense et une immersion totale dans les paysages qu\u00e9b\u00e9cois.<\/p>\n<h2>Une plong\u00e9e dans le folklore qu\u00e9b\u00e9cois<\/h2>\n<p>L\u2019\u00e9v\u00e9nement s\u2019inspire librement de la l\u00e9gende de la chasse-galerie pour proposer un r\u00e9cit collectif unique: un pacte entre les coureurs et la for\u00eat bor\u00e9ale. Au fil du week-end, <strong>musique traditionnelle, contes, gastronomie locale et rituels d\u2019avant-course<\/strong> viendront enrichir l\u2019exp\u00e9rience.<\/p>\n<p>Les objectifs sont clairs: proposer une exp\u00e9rience UTMB proche de la communaut\u00e9 dans laquelle il prend vie et promouvoir la culture qu\u00e9b\u00e9coise \u00e0 travers la course en sentier, l\u00e0 o\u00f9 il y a des coureurs.<\/p>\n<blockquote><p>\u201c<em>Il y avait une demande des coureurs canadiens pour un tel \u00e9v\u00e9nement. On est fiers de faire rayonner la beaut\u00e9 brute du Qu\u00e9bec, son imaginaire, son accueil chaleureux. Gr\u00e2ce \u00e0 notre collaboration avec UTMB World Series et \u00e0 l\u2019implication de toute la communaut\u00e9 de Tremblant, on propose une exp\u00e9rience unique, profond\u00e9ment enracin\u00e9e ici, mais ouverte sur le monde.<\/em>\u201d \u2014 <strong>Samuel Matte-Thibault, directeur g\u00e9n\u00e9ral des \u00c9v\u00e9nements Harricana<\/strong><\/p><\/blockquote>\n<p><img decoding=\"async\" class=\"aligncenter size-full wp-image-159083\" src=\"https:\/\/blogue.tremblant.ca\/wp-content\/uploads\/2025\/08\/borealys-mont-tremblant-by-utmb-hills.jpg\" alt=\"\" width=\"2400\" height=\"1350\" srcset=\"https:\/\/blogue.tremblant.ca\/wp-content\/uploads\/2025\/08\/borealys-mont-tremblant-by-utmb-hills.jpg 2400w, https:\/\/blogue.tremblant.ca\/wp-content\/uploads\/2025\/08\/borealys-mont-tremblant-by-utmb-hills-840x472.jpg 840w, https:\/\/blogue.tremblant.ca\/wp-content\/uploads\/2025\/08\/borealys-mont-tremblant-by-utmb-hills-1440x810.jpg 1440w, https:\/\/blogue.tremblant.ca\/wp-content\/uploads\/2025\/08\/borealys-mont-tremblant-by-utmb-hills-768x432.jpg 768w, https:\/\/blogue.tremblant.ca\/wp-content\/uploads\/2025\/08\/borealys-mont-tremblant-by-utmb-hills-1536x864.jpg 1536w, https:\/\/blogue.tremblant.ca\/wp-content\/uploads\/2025\/08\/borealys-mont-tremblant-by-utmb-hills-2048x1152.jpg 2048w, https:\/\/blogue.tremblant.ca\/wp-content\/uploads\/2025\/08\/borealys-mont-tremblant-by-utmb-hills-350x197.jpg 350w\" sizes=\"(max-width: 2400px) 100vw, 2400px\" \/><\/p>\n<h2>Une alliance fond\u00e9e sur la confiance et la passion<\/h2>\n<p>Ce nouveau projet est le fruit d\u2019une collaboration de longue date entre deux organisations phares du monde du trail. D\u2019un c\u00f4t\u00e9, <strong>\u00c9v\u00e9nements Harricana<\/strong>, cr\u00e9ateur de l\u2019Ultra-Trail Harricana du Canada \u2013 la plus importante course en sentier au pays \u2013 et de l\u2019autre, <strong>UTMB World Series<\/strong>, circuit mondial de trail running dont les finales ont lieu lors du HOKA UTMB Mont-Blanc, organis\u00e9 depuis plus de 20 ans dans la vall\u00e9e du Mont-Blanc.<\/p>\n<blockquote><p>\u201c<em>Treize ans d\u2019amiti\u00e9 avec l\u2019\u00e9quipe des \u00c9v\u00e9nements Harricana ont forg\u00e9 une alchimie unique, nourrie par des valeurs communes : nature, authenticit\u00e9, solidarit\u00e9 et respect du patrimoine. De cette relation sinc\u00e8re est n\u00e9 Bor\u00e9alys Mont-Tremblant by UTMB, bien plus qu\u2019une \u00e9tape du circuit UTMB World Series. Notre visite au Qu\u00e9bec a confirm\u00e9 notre choix, soutenu par la passion, le professionnalisme, les paysages saisissants et les sentiers empreints de l\u00e9gendes et traditions. Bor\u00e9alys Mont-Tremblant by UTMB incarne notre philosophie de cr\u00e9er des \u00e9v\u00e9nements qui c\u00e9l\u00e8brent et respectent les territoires et leurs histoires. C&rsquo;est une collaboration passionn\u00e9e, profond\u00e9ment humaine, qui place la communaut\u00e9 locale au c\u0153ur du projet. Le potentiel de Tremblant est immense. Cette belle aventure franco-qu\u00e9b\u00e9coise ne fait que commencer!<\/em>\u201d \u2014 <strong>Catherine Poletti, pr\u00e9sidente d\u2019UTMB Group &amp; co-fondatrice du HOKA UTMB Mont-Blanc<\/strong><\/p><\/blockquote>\n<h2>Retomb\u00e9es \u00e9conomiques importantes pour la r\u00e9gion<\/h2>\n<p>D\u00e8s sa premi\u00e8re ann\u00e9e, Bor\u00e9alys Mont-Tremblant by UTMB vise \u00e0 accueillir <strong>3 000 coureurs<\/strong>, en plus de leurs accompagnateurs. Les retomb\u00e9es \u00e9conomiques sont estim\u00e9es \u00e0 plus de 10 millions de dollars, notamment en raison des nuit\u00e9es h\u00f4teli\u00e8res, aux reconnaissances de parcours et aux s\u00e9jours prolong\u00e9s dans les Laurentides.<\/p>\n<p>L&rsquo;\u00e9v\u00e9nement contribuera \u00e9galement \u00e0 mettre Mont-Tremblant en valeur avec une visibilit\u00e9 m\u00e9diatique internationale et une participation attendue de coureurs provenant de partout dans le monde, notamment du Canada et des \u00c9tats-Unis, favorisant ainsi le d\u00e9veloppement du tourisme sportif r\u00e9gional et la d\u00e9couverte des attraits naturels exceptionnels des Laurentides.<\/p>\n<blockquote><p>\u201c<em>Nous sommes fiers de collaborer \u00e0 la cr\u00e9ation de Bor\u00e9alys Mont-Tremblant by UTMB, un \u00e9v\u00e9nement qui c\u00e9l\u00e8bre \u00e0 la fois l\u2019excellence sportive et la richesse culturelle de notre r\u00e9gion. C\u2019est avec enthousiasme que Station Mont Tremblant accueille cette premi\u00e8re \u00e9dition, qui promet de faire rayonner notre destination \u00e0 l\u2019\u00e9chelle internationale.<\/em>\u00a0\u00bb \u2014 <strong>Patrice Malo, Pr\u00e9sident et chef de l\u2019exploitation<\/strong><\/p><\/blockquote>\n<p><img decoding=\"async\" class=\"aligncenter size-full wp-image-159086\" src=\"https:\/\/blogue.tremblant.ca\/wp-content\/uploads\/2025\/08\/borealys-mont-tremblant-by-utmb-runner.jpg\" alt=\"Bor\u00e9alys Mont-Tremblant by UTMB\" width=\"2400\" height=\"1350\" srcset=\"https:\/\/blogue.tremblant.ca\/wp-content\/uploads\/2025\/08\/borealys-mont-tremblant-by-utmb-runner.jpg 2400w, https:\/\/blogue.tremblant.ca\/wp-content\/uploads\/2025\/08\/borealys-mont-tremblant-by-utmb-runner-840x472.jpg 840w, https:\/\/blogue.tremblant.ca\/wp-content\/uploads\/2025\/08\/borealys-mont-tremblant-by-utmb-runner-1440x810.jpg 1440w, https:\/\/blogue.tremblant.ca\/wp-content\/uploads\/2025\/08\/borealys-mont-tremblant-by-utmb-runner-768x432.jpg 768w, https:\/\/blogue.tremblant.ca\/wp-content\/uploads\/2025\/08\/borealys-mont-tremblant-by-utmb-runner-1536x864.jpg 1536w, https:\/\/blogue.tremblant.ca\/wp-content\/uploads\/2025\/08\/borealys-mont-tremblant-by-utmb-runner-2048x1152.jpg 2048w, https:\/\/blogue.tremblant.ca\/wp-content\/uploads\/2025\/08\/borealys-mont-tremblant-by-utmb-runner-350x197.jpg 350w\" sizes=\"(max-width: 2400px) 100vw, 2400px\" \/><\/p>\n<h2>Courir au-del\u00e0 de la performance : un engagement solidaire<\/h2>\n<p>Bor\u00e9alys Mont-Tremblant by UTMB s\u2019engage aupr\u00e8s de l\u2019<strong>Association qu\u00e9b\u00e9coise de l\u2019\u00e9pilepsie (AQE)<\/strong>, une cause choisie en l\u2019honneur de la fille du directeur g\u00e9n\u00e9ral, atteinte de cette condition.<\/p>\n<blockquote><p>\u00ab\u00a0<em>L\u2019\u00e9v\u00e9nement transforme les sentiers en espaces de solidarit\u00e9. Voir des coureurs s\u2019engager pour notre cause, c\u2019est une source immense de reconnaissance, d\u2019espoir et de visibilit\u00e9 pour toutes les familles concern\u00e9es.<\/em>\u00a0\u00bb \u2014 <strong>Dr Dang Khoa Nguyen, pr\u00e9sident de l\u2019Association Qu\u00e9b\u00e9coise de l&rsquo;\u00c9pilepsie<\/strong><\/p><\/blockquote>\n<p>Une seconde initiative, cette fois locale, viendra \u00e9galement enrichir l\u2019impact social de l\u2019\u00e9v\u00e9nement : la <strong>Fondation Tremblant<\/strong>.<\/p>\n<blockquote><p>\u00ab\u00a0<em>Gr\u00e2ce \u00e0 Bor\u00e9alys Mont-Tremblant by UTMB, ce sont des enfants d\u2019ici qui recevront une aide concr\u00e8te, l\u00e0 o\u00f9 les besoins sont r\u00e9els. Savoir que l\u2019\u00e9nergie des coureurs se transforme directement en soutien pour nos jeunes, c\u2019est \u00e0 la fois touchant et porteur d\u2019espoir<\/em>.\u00a0\u00bb \u2014 <strong>Marie-\u00c8ve Dicaire Brunet, directrice g\u00e9n\u00e9rale de la Fondation Tremblant.<\/strong><\/p><\/blockquote>\n<p>Avec le Relais 80K, des \u00e9quipes uniront leurs efforts sur 80 kilom\u00e8tres pour soutenir financi\u00e8rement les deux organismes.<\/p>\n<p>&nbsp;<\/p>\n<div data-fullscreen=\"disabled\" data-mode=\"normal\" data-oembed=\"1\" data-provider=\"youtube\" data-reset-after-played id=\"arve-youtube-qv6mtndj6lc\" class=\"arve\">\n<div class=\"arve-inner\">\n<div style=\"aspect-ratio:840\/473\" class=\"arve-embed arve-embed--has-aspect-ratio\">\n<div class=\"arve-ar\" style=\"padding-top:56.309524%\"><\/div>\n<p>\t\t\t<iframe allow=\"accelerometer &apos;none&apos;;autoplay &apos;none&apos;;bluetooth &apos;none&apos;;browsing-topics &apos;none&apos;;camera &apos;none&apos;;clipboard-read &apos;none&apos;;clipboard-write;display-capture &apos;none&apos;;encrypted-media &apos;none&apos;;gamepad &apos;none&apos;;geolocation &apos;none&apos;;gyroscope &apos;none&apos;;hid &apos;none&apos;;identity-credentials-get &apos;none&apos;;idle-detection &apos;none&apos;;keyboard-map &apos;none&apos;;local-fonts;magnetometer &apos;none&apos;;microphone &apos;none&apos;;midi &apos;none&apos;;otp-credentials &apos;none&apos;;payment &apos;none&apos;;picture-in-picture;publickey-credentials-create &apos;none&apos;;publickey-credentials-get &apos;none&apos;;screen-wake-lock &apos;none&apos;;serial &apos;none&apos;;summarizer &apos;none&apos;;sync-xhr;usb &apos;none&apos;;web-share;window-management &apos;none&apos;;xr-spatial-tracking &apos;none&apos;;\" allowfullscreen=\"\" class=\"arve-iframe fitvidsignore\" credentialless data-arve=\"arve-youtube-qv6mtndj6lc\" data-lenis-prevent=\"\" data-src-no-ap=\"https:\/\/www.youtube-nocookie.com\/embed\/qV6MtnDj6lc?feature=oembed&amp;width=840&amp;height=1000&amp;discover=1&amp;iv_load_policy=3&amp;modestbranding=1&amp;rel=0&amp;autohide=1&amp;playsinline=0&amp;autoplay=0&amp;enablejsapi=1\" frameborder=\"0\" height=\"0\" loading=\"lazy\" name=\"\" referrerpolicy=\"strict-origin-when-cross-origin\" sandbox=\"allow-scripts allow-same-origin allow-presentation allow-popups allow-popups-to-escape-sandbox\" scrolling=\"no\" src=\"https:\/\/www.youtube-nocookie.com\/embed\/qV6MtnDj6lc?feature=oembed&#038;width=840&#038;height=1000&#038;discover=1&#038;iv_load_policy=3&#038;modestbranding=1&#038;rel=0&#038;autohide=1&#038;playsinline=0&#038;autoplay=0&#038;enablejsapi=1\" title=\"Bore\u0301alys Mont-Tremblant by UTMB (La course la plus difficile de ma vie)\" width=\"0\"><\/iframe><\/p><\/div><\/div>\n<p>\t<script type=\"application\/ld+json\">{\"@context\":\"http:\\\/\\\/schema.org\\\/\",\"@id\":\"https:\\\/\\\/blogue.tremblant.ca\\\/fr\\\/nouvel-evenement-course-sentier-borealys-mont-tremblant-by-utmb\\\/#arve-youtube-qv6mtndj6lc\",\"type\":\"VideoObject\",\"embedURL\":\"https:\\\/\\\/www.youtube-nocookie.com\\\/embed\\\/qV6MtnDj6lc?feature=oembed&width=840&height=1000&discover=1&iv_load_policy=3&modestbranding=1&rel=0&autohide=1&playsinline=0&autoplay=0&enablejsapi=1\",\"name\":\"Bore\\u0301alys Mont-Tremblant by UTMB (La course la plus difficile de ma vie)\",\"thumbnailUrl\":\"https:\\\/\\\/i.ytimg.com\\\/vi\\\/qV6MtnDj6lc\\\/hqdefault.jpg\",\"uploadDate\":\"2025-08-26T18:53:59Z\",\"author\":\"Jay Du Temple\",\"description\":\"Jay va tester le parcours du Bor\\u00e9alys Mont\\u2011Tremblant by UTMB \\u2013 une toute nouvelle course de trail qui d\\u00e9barque officiellement au Qu\\u00e9bec l\\u2019an prochain.\\n\\nC\\u2019\\u00e9tait pas facile : du gros d\\u00e9nivel\\u00e9, du technique, du sauvage\\u2026 \\n\\nMerci aux \\u00c9v\\u00e9nements Harricana pour l\\u2019invitation, c\\u2019\\u00e9tait une exp\\u00e9rience unique. Prochain arr\\u00eat, UTHC 125 km.\\n\\n_\\n\\nGot to test out the new Bor\\u00e9alys Mont\\u2011Tremblant by UTMB course \\u2013 an epic trail race coming to Quebec in 2026.\\n\\nTough climbs, wild terrain, and lots of technical bits. \\n\\nBig thanks to \\u00c9v\\u00e9nements Harricana for the invite, next stop: UTHC 125KM\\n\\nBonne ride \\\/ enjoy the ride \\u270c\\ufe0f\"}<\/script><\/p>\n<\/div>\n<h2>Informations pratiques<\/h2>\n<ul>\n<li><strong>Date de l\u2019\u00e9v\u00e9nement<\/strong> : du 14 au 16 ao\u00fbt 2026<\/li>\n<li><strong>Ouverture des inscriptions<\/strong> : le 16 septembre 2025 pour les coureurs ayant un UTMB Index, le 18 septembre 2025 pour tous<\/li>\n<li><strong>Site web<\/strong>: <a href=\"https:\/\/borealys.utmb.world\/\" target=\"_blank\" rel=\"noopener\">https:\/\/borealys.utmb.world\/<\/a><\/li>\n<\/ul>\n<h4>\u00c0 propos des \u00c9v\u00e9nements Harricana<\/h4>\n<p>\u00c9v\u00e9nements Harricana est un organisme \u00e0 but non lucratif dont la mission est de participer au d\u00e9veloppement et \u00e0 la promotion de la course en sentier et de l\u2019ultra-trail et, de fa\u00e7on compl\u00e9mentaire, \u00e0 la promotion du plein air et des saines habitudes de vie. Le tout s\u2019orchestre par l\u2019organisation d\u2019\u00e9v\u00e9nements dont le rayonnement et les retomb\u00e9es b\u00e9n\u00e9ficient \u00e0 des causes sociales ou communautaires. En plus de l\u2019Ultra-Trail Harricana du Canada, \u00c9v\u00e9nements Harricana organise L\u2019\u00c9chapp\u00e9e de l\u2019Isle-aux-Coudres et est \u00e0 l\u2019origine la premi\u00e8re station de course en sentier en Am\u00e9rique du Nord, Station trail Grand-Fonds. L\u2019organisation appuie \u00e9galement la r\u00e9alisation de La Vir\u00e9e Nordique de Charlevoix. <a href=\"https:\/\/trailrunningquebec.com\/\" target=\"_blank\" rel=\"noopener\">Visiter le site officiel<\/a><\/p>\n<h4>\u00c0 propos d\u2019UTMB World Series<\/h4>\n<p>UUTMB\u00ae World Series est le circuit de trail running qui r\u00e9unit les meilleurs athl\u00e8tes de la discipline et coureuses et coureurs amateurs \u00e0 travers des \u00e9v\u00e9nements internationaux de premier plan organis\u00e9s dans certains des plus beaux endroits de la plan\u00e8te. Le circuit UTMB\u00ae World Series trouve ses racines dans la passion pour la montagne et respect de l&rsquo;environnement et offre \u00e0 tous les passionn\u00e9s de trail la chance de vivre l&rsquo;aventure UTMB\u00ae \u00e0 travers le monde, avec des \u00e9v\u00e9nements se d\u00e9roulant en Asie, en Oc\u00e9anie, en Europe, en Afrique et aux Am\u00e9riques. C&rsquo;est le moyen pour chacun de commencer sa qu\u00eate vers le HOKA UTMB\u00ae Mont-Blanc, o\u00f9 se d\u00e9roulent les finales UTMB\u00ae World Series. Lanc\u00e9 en mai 2021 avec la collaboration entre UTMB Group et The IRONMAN Group, le circuit UTMB\u00ae World Series r\u00e9unit 50 \u00e9v\u00e9nements dans 28 pays. <a href=\"https:\/\/utmb.world\" target=\"_blank\" rel=\"noopener\">Visiter le site officiel<\/a><\/p>\n","protected":false},"excerpt":{"rendered":"<p>Deux pionniers du trail, \u00c9v\u00e9nements Harricana et UTMB World Series, s\u2019allient pour cr\u00e9er Bor\u00e9alys Mont-Tremblant by UTMB UTMB World Series [&hellip;]<\/p>\n","protected":false},"author":12,"featured_media":159064,"comment_status":"closed","ping_status":"open","sticky":false,"template":"","format":"standard","meta":{"footnotes":""},"categories":[817,819,474],"tags":[799],"class_list":["post-159089","post","type-post","status-publish","format-standard","has-post-thumbnail","hentry","category-sports-plein-air","category-spectacles-evenements","category-nouvelles","tag-ete"],"yoast_head":"<!-- This site is optimized with the Yoast SEO Premium plugin v27.5 (Yoast SEO v27.5) - https:\/\/yoast.com\/product\/yoast-seo-premium-wordpress\/ -->\n<title>Un nouvel \u00e9v\u00e9nement de course en sentier pour faire rayonner le Qu\u00e9bec sur la sc\u00e8ne mondiale | Tremblant<\/title>\n<meta name=\"description\" content=\"Rejoignez Bor\u00e9alys Mont-Tremblant by UTMB en ao\u00fbt 2026 pour une exp\u00e9rience immersive au c\u0153ur des sentiers et de la culture qu\u00e9b\u00e9coise.\" \/>\n<meta name=\"robots\" content=\"index, follow, max-snippet:-1, max-image-preview:large, max-video-preview:-1\" \/>\n<link rel=\"canonical\" href=\"https:\/\/blogue.tremblant.ca\/fr\/nouvel-evenement-course-sentier-borealys-mont-tremblant-by-utmb\/\" \/>\n<meta property=\"og:locale\" content=\"fr_CA\" \/>\n<meta property=\"og:type\" content=\"article\" \/>\n<meta property=\"og:title\" content=\"Un nouvel \u00e9v\u00e9nement de course en sentier pour faire rayonner le Qu\u00e9bec sur la sc\u00e8ne mondiale\" \/>\n<meta property=\"og:description\" content=\"Rejoignez Bor\u00e9alys Mont-Tremblant by UTMB en ao\u00fbt 2026 pour une exp\u00e9rience immersive au c\u0153ur des sentiers et de la culture qu\u00e9b\u00e9coise.\" \/>\n<meta property=\"og:url\" content=\"https:\/\/blogue.tremblant.ca\/fr\/nouvel-evenement-course-sentier-borealys-mont-tremblant-by-utmb\/\" \/>\n<meta property=\"og:site_name\" content=\"Tremblant\" \/>\n<meta property=\"article:publisher\" content=\"https:\/\/www.facebook.com\/tremblant\" \/>\n<meta property=\"article:author\" content=\"https:\/\/www.facebook.com\/tremblant\" \/>\n<meta property=\"article:published_time\" content=\"2025-08-26T11:00:50+00:00\" \/>\n<meta property=\"article:modified_time\" content=\"2026-03-17T18:47:59+00:00\" \/>\n<meta property=\"og:image\" content=\"https:\/\/blogue.tremblant.ca\/wp-content\/uploads\/2025\/08\/borealys-mont-tremblant-by-utmb-2026-scaled.jpg\" \/>\n\t<meta property=\"og:image:width\" content=\"2560\" \/>\n\t<meta property=\"og:image:height\" content=\"1707\" \/>\n\t<meta property=\"og:image:type\" content=\"image\/jpeg\" \/>\n<meta name=\"author\" content=\"Tremblant\" \/>\n<meta name=\"twitter:card\" content=\"summary_large_image\" \/>\n<meta name=\"twitter:creator\" content=\"@monttremblant\" \/>\n<meta name=\"twitter:site\" content=\"@MontTremblant\" \/>\n<meta name=\"twitter:label1\" content=\"\u00c9crit par\" \/>\n\t<meta name=\"twitter:data1\" content=\"Tremblant\" \/>\n\t<meta name=\"twitter:label2\" content=\"Estimation du temps de lecture\" \/>\n\t<meta name=\"twitter:data2\" content=\"6 minutes\" \/>\n<!-- \/ Yoast SEO Premium plugin. -->","yoast_head_json":{"title":"Un nouvel \u00e9v\u00e9nement de course en sentier pour faire rayonner le Qu\u00e9bec sur la sc\u00e8ne mondiale | Tremblant","description":"Rejoignez Bor\u00e9alys Mont-Tremblant by UTMB en ao\u00fbt 2026 pour une exp\u00e9rience immersive au c\u0153ur des sentiers et de la culture qu\u00e9b\u00e9coise.","robots":{"index":"index","follow":"follow","max-snippet":"max-snippet:-1","max-image-preview":"max-image-preview:large","max-video-preview":"max-video-preview:-1"},"canonical":"https:\/\/blogue.tremblant.ca\/fr\/nouvel-evenement-course-sentier-borealys-mont-tremblant-by-utmb\/","og_locale":"fr_CA","og_type":"article","og_title":"Un nouvel \u00e9v\u00e9nement de course en sentier pour faire rayonner le Qu\u00e9bec sur la sc\u00e8ne mondiale","og_description":"Rejoignez Bor\u00e9alys Mont-Tremblant by UTMB en ao\u00fbt 2026 pour une exp\u00e9rience immersive au c\u0153ur des sentiers et de la culture qu\u00e9b\u00e9coise.","og_url":"https:\/\/blogue.tremblant.ca\/fr\/nouvel-evenement-course-sentier-borealys-mont-tremblant-by-utmb\/","og_site_name":"Tremblant","article_publisher":"https:\/\/www.facebook.com\/tremblant","article_author":"https:\/\/www.facebook.com\/tremblant","article_published_time":"2025-08-26T11:00:50+00:00","article_modified_time":"2026-03-17T18:47:59+00:00","og_image":[{"width":2560,"height":1707,"url":"https:\/\/blogue.tremblant.ca\/wp-content\/uploads\/2025\/08\/borealys-mont-tremblant-by-utmb-2026-scaled.jpg","type":"image\/jpeg"}],"author":"Tremblant","twitter_card":"summary_large_image","twitter_creator":"@monttremblant","twitter_site":"@MontTremblant","twitter_misc":{"\u00c9crit par":"Tremblant","Estimation du temps de lecture":"6 minutes"},"schema":{"@context":"https:\/\/schema.org","@graph":[{"@type":["Article","BlogPosting"],"@id":"https:\/\/blogue.tremblant.ca\/fr\/nouvel-evenement-course-sentier-borealys-mont-tremblant-by-utmb\/#article","isPartOf":{"@id":"https:\/\/blogue.tremblant.ca\/fr\/nouvel-evenement-course-sentier-borealys-mont-tremblant-by-utmb\/"},"author":{"name":"Tremblant","@id":"https:\/\/blogue.tremblant.ca\/fr\/#\/schema\/person\/558d8c77b53e9ff2bca3f86a78f9f1e3"},"headline":"Un nouvel \u00e9v\u00e9nement de course en sentier pour faire rayonner le Qu\u00e9bec sur la sc\u00e8ne mondiale","datePublished":"2025-08-26T11:00:50+00:00","dateModified":"2026-03-17T18:47:59+00:00","mainEntityOfPage":{"@id":"https:\/\/blogue.tremblant.ca\/fr\/nouvel-evenement-course-sentier-borealys-mont-tremblant-by-utmb\/"},"wordCount":1375,"publisher":{"@id":"https:\/\/blogue.tremblant.ca\/fr\/#organization"},"image":{"@id":"https:\/\/blogue.tremblant.ca\/fr\/nouvel-evenement-course-sentier-borealys-mont-tremblant-by-utmb\/#primaryimage"},"thumbnailUrl":"https:\/\/blogue.tremblant.ca\/wp-content\/uploads\/2025\/08\/borealys-mont-tremblant-by-utmb-2026-scaled.jpg","keywords":["\u00c9t\u00e9"],"articleSection":["Sports et plein air","Spectacles et \u00e9v\u00e9nements","Nouvelles"],"inLanguage":"fr-CA"},{"@type":"WebPage","@id":"https:\/\/blogue.tremblant.ca\/fr\/nouvel-evenement-course-sentier-borealys-mont-tremblant-by-utmb\/","url":"https:\/\/blogue.tremblant.ca\/fr\/nouvel-evenement-course-sentier-borealys-mont-tremblant-by-utmb\/","name":"Un nouvel \u00e9v\u00e9nement de course en sentier pour faire rayonner le Qu\u00e9bec sur la sc\u00e8ne mondiale | Tremblant","isPartOf":{"@id":"https:\/\/blogue.tremblant.ca\/fr\/#website"},"primaryImageOfPage":{"@id":"https:\/\/blogue.tremblant.ca\/fr\/nouvel-evenement-course-sentier-borealys-mont-tremblant-by-utmb\/#primaryimage"},"image":{"@id":"https:\/\/blogue.tremblant.ca\/fr\/nouvel-evenement-course-sentier-borealys-mont-tremblant-by-utmb\/#primaryimage"},"thumbnailUrl":"https:\/\/blogue.tremblant.ca\/wp-content\/uploads\/2025\/08\/borealys-mont-tremblant-by-utmb-2026-scaled.jpg","datePublished":"2025-08-26T11:00:50+00:00","dateModified":"2026-03-17T18:47:59+00:00","description":"Rejoignez Bor\u00e9alys Mont-Tremblant by UTMB en ao\u00fbt 2026 pour une exp\u00e9rience immersive au c\u0153ur des sentiers et de la culture qu\u00e9b\u00e9coise.","breadcrumb":{"@id":"https:\/\/blogue.tremblant.ca\/fr\/nouvel-evenement-course-sentier-borealys-mont-tremblant-by-utmb\/#breadcrumb"},"inLanguage":"fr-CA","potentialAction":[{"@type":"ReadAction","target":["https:\/\/blogue.tremblant.ca\/fr\/nouvel-evenement-course-sentier-borealys-mont-tremblant-by-utmb\/"]}]},{"@type":"ImageObject","inLanguage":"fr-CA","@id":"https:\/\/blogue.tremblant.ca\/fr\/nouvel-evenement-course-sentier-borealys-mont-tremblant-by-utmb\/#primaryimage","url":"https:\/\/blogue.tremblant.ca\/wp-content\/uploads\/2025\/08\/borealys-mont-tremblant-by-utmb-2026-scaled.jpg","contentUrl":"https:\/\/blogue.tremblant.ca\/wp-content\/uploads\/2025\/08\/borealys-mont-tremblant-by-utmb-2026-scaled.jpg","width":2560,"height":1707,"caption":"A new trail running event to showcase Quebec on the world stage"},{"@type":"BreadcrumbList","@id":"https:\/\/blogue.tremblant.ca\/fr\/nouvel-evenement-course-sentier-borealys-mont-tremblant-by-utmb\/#breadcrumb","itemListElement":[{"@type":"ListItem","position":1,"name":"Home","item":"https:\/\/blogue.tremblant.ca\/fr\/"},{"@type":"ListItem","position":2,"name":"Un nouvel \u00e9v\u00e9nement de course en sentier pour faire rayonner le Qu\u00e9bec sur la sc\u00e8ne mondiale"}]},{"@type":"WebSite","@id":"https:\/\/blogue.tremblant.ca\/fr\/#website","url":"https:\/\/blogue.tremblant.ca\/fr\/","name":"Blogue Tremblant","description":"","publisher":{"@id":"https:\/\/blogue.tremblant.ca\/fr\/#organization"},"potentialAction":[{"@type":"SearchAction","target":{"@type":"EntryPoint","urlTemplate":"https:\/\/blogue.tremblant.ca\/fr\/?s={search_term_string}"},"query-input":{"@type":"PropertyValueSpecification","valueRequired":true,"valueName":"search_term_string"}}],"inLanguage":"fr-CA"},{"@type":"Organization","@id":"https:\/\/blogue.tremblant.ca\/fr\/#organization","name":"Tremblant","url":"https:\/\/blogue.tremblant.ca\/fr\/","logo":{"@type":"ImageObject","inLanguage":"fr-CA","@id":"https:\/\/blogue.tremblant.ca\/fr\/#\/schema\/logo\/image\/","url":"https:\/\/blogue.tremblant.ca\/wp-content\/uploads\/2025\/05\/logo-tremblant.svg","contentUrl":"https:\/\/blogue.tremblant.ca\/wp-content\/uploads\/2025\/05\/logo-tremblant.svg","width":1,"height":1,"caption":"Tremblant"},"image":{"@id":"https:\/\/blogue.tremblant.ca\/fr\/#\/schema\/logo\/image\/"},"sameAs":["https:\/\/www.facebook.com\/tremblant","https:\/\/x.com\/MontTremblant","https:\/\/instagram.com\/monttremblant\/","https:\/\/www.pinterest.com\/tremblant\/","https:\/\/www.youtube.com\/user\/MontTremblantResort","https:\/\/www.linkedin.com\/company\/station-mont-tremblant\/","https:\/\/www.tiktok.com\/@monttremblant"]},{"@type":"Person","@id":"https:\/\/blogue.tremblant.ca\/fr\/#\/schema\/person\/558d8c77b53e9ff2bca3f86a78f9f1e3","name":"Tremblant","image":{"@type":"ImageObject","inLanguage":"fr-CA","@id":"https:\/\/blogue.tremblant.ca\/wp-content\/litespeed\/avatar\/ffa873287b9e1808f6b6d038efdf1a7b.jpg?ver=1777458116","url":"https:\/\/blogue.tremblant.ca\/wp-content\/litespeed\/avatar\/ffa873287b9e1808f6b6d038efdf1a7b.jpg?ver=1777458116","contentUrl":"https:\/\/blogue.tremblant.ca\/wp-content\/litespeed\/avatar\/ffa873287b9e1808f6b6d038efdf1a7b.jpg?ver=1777458116","caption":"Tremblant"},"description":"Centre de ski, de golf et de vill\u00e9giature dans l'Est de l'Am\u00e9rique du Nord \u00e0 90 minutes au Nord de Montr\u00e9al. Ski Resort in the north East. Ski, golf and lodging for a great Quebec \"joie de vivre\" experience!","sameAs":["https:\/\/www.tremblant.ca","https:\/\/www.facebook.com\/tremblant","https:\/\/x.com\/monttremblant"]}]}},"_links":{"self":[{"href":"https:\/\/blogue.tremblant.ca\/fr\/wp-json\/wp\/v2\/posts\/159089","targetHints":{"allow":["GET"]}}],"collection":[{"href":"https:\/\/blogue.tremblant.ca\/fr\/wp-json\/wp\/v2\/posts"}],"about":[{"href":"https:\/\/blogue.tremblant.ca\/fr\/wp-json\/wp\/v2\/types\/post"}],"author":[{"embeddable":true,"href":"https:\/\/blogue.tremblant.ca\/fr\/wp-json\/wp\/v2\/users\/12"}],"replies":[{"embeddable":true,"href":"https:\/\/blogue.tremblant.ca\/fr\/wp-json\/wp\/v2\/comments?post=159089"}],"version-history":[{"count":1,"href":"https:\/\/blogue.tremblant.ca\/fr\/wp-json\/wp\/v2\/posts\/159089\/revisions"}],"predecessor-version":[{"id":163528,"href":"https:\/\/blogue.tremblant.ca\/fr\/wp-json\/wp\/v2\/posts\/159089\/revisions\/163528"}],"wp:featuredmedia":[{"embeddable":true,"href":"https:\/\/blogue.tremblant.ca\/fr\/wp-json\/wp\/v2\/media\/159064"}],"wp:attachment":[{"href":"https:\/\/blogue.tremblant.ca\/fr\/wp-json\/wp\/v2\/media?parent=159089"}],"wp:term":[{"taxonomy":"category","embeddable":true,"href":"https:\/\/blogue.tremblant.ca\/fr\/wp-json\/wp\/v2\/categories?post=159089"},{"taxonomy":"post_tag","embeddable":true,"href":"https:\/\/blogue.tremblant.ca\/fr\/wp-json\/wp\/v2\/tags?post=159089"}],"curies":[{"name":"wp","href":"https:\/\/api.w.org\/{rel}","templated":true}]}}